{"id":3918,"date":"2025-07-15T10:13:14","date_gmt":"2025-07-15T08:13:14","guid":{"rendered":"http:\/\/loreilleduperche.fr\/?p=3918"},"modified":"2025-07-15T10:16:13","modified_gmt":"2025-07-15T08:16:13","slug":"interview-jean-michel-bouvier-maire-de-verrieres-orne","status":"publish","type":"post","link":"http:\/\/loreilleduperche.fr\/?p=3918","title":{"rendered":"Interview | Jean-Michel Bouvier, Maire de Verri\u00e8res (Orne)"},"content":{"rendered":"\t\t<div data-elementor-type=\"wp-post\" data-elementor-id=\"3918\" class=\"elementor elementor-3918\" data-elementor-post-type=\"post\">\n\t\t\t\t<div class=\"elementor-element elementor-element-b78097d e-flex e-con-boxed e-con e-parent\" data-id=\"b78097d\" data-element_type=\"container\" data-e-type=\"container\">\n\t\t\t\t\t<div class=\"e-con-inner\">\n\t\t\t\t<div class=\"elementor-element elementor-element-8216a80 elementor-widget elementor-widget-heading\" data-id=\"8216a80\" data-element_type=\"widget\" data-e-type=\"widget\" data-widget_type=\"heading.default\">\n\t\t\t\t<div class=\"elementor-widget-container\">\n\t\t\t\t\t<h2 class=\"elementor-heading-title elementor-size-default\">Pourquoi accueillir L\u2019Oreille du Perche \u00e0 Verri\u00e8res ?<\/h2>\t\t\t\t<\/div>\n\t\t\t\t<\/div>\n\t\t\t\t<div class=\"elementor-element elementor-element-4cd9c3a elementor-widget elementor-widget-text-editor\" data-id=\"4cd9c3a\" data-element_type=\"widget\" data-e-type=\"widget\" data-widget_type=\"text-editor.default\">\n\t\t\t\t<div class=\"elementor-widget-container\">\n\t\t\t\t\t\t\t\t\t<p>Sur un territoire rural comme le Perche \u2014 pris\u00e9 notamment par de nombreux r\u00e9sidents secondaires \u2014 il existe une belle vitalit\u00e9 culturelle : il ne se passe pas un seul week-end sans une proposition artistique ! L\u2019invitation de L\u2019Oreille du Perche \u00e0 venir \u00e0 Verri\u00e8res nous a imm\u00e9diatement convaincus. La programmation, ax\u00e9e sur le jazz et les musiques du monde, est l\u2019occasion de faire d\u00e9couvrir de nouveaux univers sonores \u00e0 un public qui n\u2019est pas n\u00e9cessairement m\u00e9lomane.<br \/>Ce sont de v\u00e9ritables artistes qui se produisent, mais ils savent aussi cr\u00e9er une ambiance chaleureuse et festive. Et que dire des moments partag\u00e9s avant et apr\u00e8s les concerts, autour de gourmandises locales ? C\u2019est un vrai plus dans notre territoire !<\/p>\t\t\t\t\t\t\t\t<\/div>\n\t\t\t\t<\/div>\n\t\t\t\t\t<\/div>\n\t\t\t\t<\/div>\n\t\t<div class=\"elementor-element elementor-element-2d56482 e-flex e-con-boxed e-con e-parent\" data-id=\"2d56482\" data-element_type=\"container\" data-e-type=\"container\">\n\t\t\t\t\t<div class=\"e-con-inner\">\n\t\t\t\t<div class=\"elementor-element elementor-element-017829c elementor-widget elementor-widget-heading\" data-id=\"017829c\" data-element_type=\"widget\" data-e-type=\"widget\" data-widget_type=\"heading.default\">\n\t\t\t\t<div class=\"elementor-widget-container\">\n\t\t\t\t\t<h2 class=\"elementor-heading-title elementor-size-default\">Quel impact pour Verri\u00e8res ?<\/h2>\t\t\t\t<\/div>\n\t\t\t\t<\/div>\n\t\t\t\t<div class=\"elementor-element elementor-element-841ef89 elementor-widget elementor-widget-text-editor\" data-id=\"841ef89\" data-element_type=\"widget\" data-e-type=\"widget\" data-widget_type=\"text-editor.default\">\n\t\t\t\t<div class=\"elementor-widget-container\">\n\t\t\t\t\t\t\t\t\t<p>Les concerts du festival apportent une dynamique conviviale \u00e0 un moment phare de notre vie locale : le dernier week-end de juillet, r\u00e9serv\u00e9 historiquement \u00e0 la c\u00e9l\u00e8bre brocante de Verri\u00e8res, qui existe depuis 35 ans.<br \/>Ils contribuent aussi \u00e0 mettre en lumi\u00e8re notre \u00e9glise Saint-Ouen, dont l\u2019acoustique exceptionnelle est un v\u00e9ritable atout. Le village gagne en visibilit\u00e9, et cela rayonne bien au-del\u00e0 d\u2019un simple week-end estival.<\/p>\t\t\t\t\t\t\t\t<\/div>\n\t\t\t\t<\/div>\n\t\t\t\t\t<\/div>\n\t\t\t\t<\/div>\n\t\t<div class=\"elementor-element elementor-element-3bbff64 e-flex e-con-boxed e-con e-parent\" data-id=\"3bbff64\" data-element_type=\"container\" data-e-type=\"container\">\n\t\t\t\t\t<div class=\"e-con-inner\">\n\t\t\t\t<div class=\"elementor-element elementor-element-0c0b669 elementor-widget elementor-widget-heading\" data-id=\"0c0b669\" data-element_type=\"widget\" data-e-type=\"widget\" data-widget_type=\"heading.default\">\n\t\t\t\t<div class=\"elementor-widget-container\">\n\t\t\t\t\t<h2 class=\"elementor-heading-title elementor-size-default\">En quoi un \u00e9v\u00e9nement comme L\u2019Oreille du Perche vous semble important pour votre territoire ?<\/h2>\t\t\t\t<\/div>\n\t\t\t\t<\/div>\n\t\t\t\t<div class=\"elementor-element elementor-element-7c44af9 elementor-widget elementor-widget-text-editor\" data-id=\"7c44af9\" data-element_type=\"widget\" data-e-type=\"widget\" data-widget_type=\"text-editor.default\">\n\t\t\t\t<div class=\"elementor-widget-container\">\n\t\t\t\t\t\t\t\t\t<p>L&rsquo;\u00e9v\u00e9nement incarne une culture accessible \u00e0 tous, tout en \u00e9veillant la curiosit\u00e9 et l\u2019int\u00e9r\u00eat pour des musiques parfois in\u00e9dites dans notre campagne.<br \/>Il valorise notre patrimoine, nos lieux de vie, et renforce le lien social tout en misant sur la simplicit\u00e9, la joie et le partage.<br \/>L\u2019Oreille du Perche, c\u2019est un concentr\u00e9 de musique, de rencontres et de moments heureux\u2026 exactement ce dont nos villages ont besoin aujourd\u2019hui.<\/p>\t\t\t\t\t\t\t\t<\/div>\n\t\t\t\t<\/div>\n\t\t\t\t\t<\/div>\n\t\t\t\t<\/div>\n\t\t\t\t<\/div>\n\t\t","protected":false},"excerpt":{"rendered":"<p>\u00c0 quelques jours du lancement de l\u2019\u00e9dition 2025 du festival L\u2019Oreille du Perche, Jean-Michel Bouvier, maire de Verri\u00e8res, commune qui accueille cette ann\u00e9e deux soir\u00e9es du festival, revient sur les raisons de cet engagement et sur l\u2019importance toute particuli\u00e8re que peut avoir un tel \u00e9v\u00e9nement culturel dans un village percheron.<\/p>\n","protected":false},"author":1,"featured_media":3920,"comment_status":"open","ping_status":"open","sticky":false,"template":"","format":"standard","meta":{"footnotes":""},"categories":[1],"tags":[],"class_list":["post-3918","post","type-post","status-publish","format-standard","has-post-thumbnail","hentry","category-non-classe"],"_links":{"self":[{"href":"http:\/\/loreilleduperche.fr\/index.php?rest_route=\/wp\/v2\/posts\/3918","targetHints":{"allow":["GET"]}}],"collection":[{"href":"http:\/\/loreilleduperche.fr\/index.php?rest_route=\/wp\/v2\/posts"}],"about":[{"href":"http:\/\/loreilleduperche.fr\/index.php?rest_route=\/wp\/v2\/types\/post"}],"author":[{"embeddable":true,"href":"http:\/\/loreilleduperche.fr\/index.php?rest_route=\/wp\/v2\/users\/1"}],"replies":[{"embeddable":true,"href":"http:\/\/loreilleduperche.fr\/index.php?rest_route=%2Fwp%2Fv2%2Fcomments&post=3918"}],"version-history":[{"count":4,"href":"http:\/\/loreilleduperche.fr\/index.php?rest_route=\/wp\/v2\/posts\/3918\/revisions"}],"predecessor-version":[{"id":3923,"href":"http:\/\/loreilleduperche.fr\/index.php?rest_route=\/wp\/v2\/posts\/3918\/revisions\/3923"}],"wp:featuredmedia":[{"embeddable":true,"href":"http:\/\/loreilleduperche.fr\/index.php?rest_route=\/wp\/v2\/media\/3920"}],"wp:attachment":[{"href":"http:\/\/loreilleduperche.fr\/index.php?rest_route=%2Fwp%2Fv2%2Fmedia&parent=3918"}],"wp:term":[{"taxonomy":"category","embeddable":true,"href":"http:\/\/loreilleduperche.fr\/index.php?rest_route=%2Fwp%2Fv2%2Fcategories&post=3918"},{"taxonomy":"post_tag","embeddable":true,"href":"http:\/\/loreilleduperche.fr\/index.php?rest_route=%2Fwp%2Fv2%2Ftags&post=3918"}],"curies":[{"name":"wp","href":"https:\/\/api.w.org\/{rel}","templated":true}]}}