{"id":3882,"date":"2025-07-15T10:26:09","date_gmt":"2025-07-15T08:26:09","guid":{"rendered":"http:\/\/loreilleduperche.fr\/?p=3882"},"modified":"2025-07-15T10:26:10","modified_gmt":"2025-07-15T08:26:10","slug":"les-supercheries-dete-un-festival-musical-eclectique-au-coeur-du-perche","status":"publish","type":"post","link":"http:\/\/loreilleduperche.fr\/?p=3882","title":{"rendered":"Les SuPercheries d\u2019\u00c9t\u00e9 : un festival musical \u00e9clectique au c\u0153ur du Perche"},"content":{"rendered":"\t\t<div data-elementor-type=\"wp-post\" data-elementor-id=\"3882\" class=\"elementor elementor-3882\" data-elementor-post-type=\"post\">\n\t\t\t\t<div class=\"elementor-element elementor-element-c09a90c e-flex e-con-boxed e-con e-parent\" data-id=\"c09a90c\" data-element_type=\"container\" data-e-type=\"container\">\n\t\t\t\t\t<div class=\"e-con-inner\">\n\t\t\t\t<div class=\"elementor-element elementor-element-8bf6127 elementor-widget elementor-widget-heading\" data-id=\"8bf6127\" data-element_type=\"widget\" data-e-type=\"widget\" data-widget_type=\"heading.default\">\n\t\t\t\t<div class=\"elementor-widget-container\">\n\t\t\t\t\t<h2 class=\"elementor-heading-title elementor-size-default\">Un festival pour les oreilles curieuses<\/h2>\t\t\t\t<\/div>\n\t\t\t\t<\/div>\n\t\t\t\t<div class=\"elementor-element elementor-element-bac9252 elementor-widget elementor-widget-text-editor\" data-id=\"bac9252\" data-element_type=\"widget\" data-e-type=\"widget\" data-widget_type=\"text-editor.default\">\n\t\t\t\t<div class=\"elementor-widget-container\">\n\t\t\t\t\t\t\t\t\t<p>Port\u00e9 par L\u2019Escadron Volant de la Reine, le<a href=\"https:\/\/supercheries.com\" target=\"_blank\" rel=\"noopener\"> festival SuPercheries<\/a> s\u2019adresse \u00e0 tous les publics, des m\u00e9lomanes avertis aux simples curieux. Sa particularit\u00e9\u202f? Proposer des concerts, balades musicales et ateliers dans des cadres hors du commun\u202f: \u00e9glises, granges, jardins, march\u00e9s ou encore places de villages. Chaque rendez-vous devient une exp\u00e9rience sensorielle et conviviale, o\u00f9 la musique se m\u00eale \u00e0 la beaut\u00e9 des paysages percherons.<\/p>\t\t\t\t\t\t\t\t<\/div>\n\t\t\t\t<\/div>\n\t\t\t\t\t<\/div>\n\t\t\t\t<\/div>\n\t\t<div class=\"elementor-element elementor-element-827a7c6 e-flex e-con-boxed e-con e-parent\" data-id=\"827a7c6\" data-element_type=\"container\" data-e-type=\"container\">\n\t\t\t\t\t<div class=\"e-con-inner\">\n\t\t\t\t<div class=\"elementor-element elementor-element-4e232c7 elementor-widget elementor-widget-heading\" data-id=\"4e232c7\" data-element_type=\"widget\" data-e-type=\"widget\" data-widget_type=\"heading.default\">\n\t\t\t\t<div class=\"elementor-widget-container\">\n\t\t\t\t\t<h2 class=\"elementor-heading-title elementor-size-default\">Les temps forts des concerts d\u2019ao\u00fbt<\/h2>\t\t\t\t<\/div>\n\t\t\t\t<\/div>\n\t\t\t\t<div class=\"elementor-element elementor-element-021b17a elementor-widget elementor-widget-text-editor\" data-id=\"021b17a\" data-element_type=\"widget\" data-e-type=\"widget\" data-widget_type=\"text-editor.default\">\n\t\t\t\t<div class=\"elementor-widget-container\">\n\t\t\t\t\t\t\t\t\t<p>Pour cette \u00e9dition estivale, le festival investit plusieurs communes embl\u00e9matiques, de Nogent-le-Rotrou \u00e0 Thiron-Gardais, en passant par Sablons-sur-Huisne. La programmation d\u2019ao\u00fbt met \u00e0 l\u2019honneur la diversit\u00e9\u202f:<\/p><ul><li>Musique baroque revisit\u00e9e,<\/li><li>Ensembles venus des quatre coins du monde,<\/li><li>Rencontres insolites entre traditions et modernit\u00e9,<\/li><li>Moments de partage autour de l\u2019improvisation et de la cr\u00e9ation.<\/li><\/ul><p><br \/>Chaque concert est pens\u00e9 comme une invitation au voyage, \u00e0 la rencontre de sonorit\u00e9s rares, de r\u00e9pertoires in\u00e9dits et d\u2019artistes passionn\u00e9s. Les lieux choisis \u2013 parfois secrets, toujours surprenants \u2013 ajoutent \u00e0 la magie de l\u2019instant.<\/p>\t\t\t\t\t\t\t\t<\/div>\n\t\t\t\t<\/div>\n\t\t\t\t<div class=\"elementor-element elementor-element-d147052 elementor-widget elementor-widget-image\" data-id=\"d147052\" data-element_type=\"widget\" data-e-type=\"widget\" data-widget_type=\"image.default\">\n\t\t\t\t<div class=\"elementor-widget-container\">\n\t\t\t\t\t\t\t\t\t\t\t\t\t\t\t<img fetchpriority=\"high\" decoding=\"async\" width=\"724\" height=\"1024\" src=\"https:\/\/loreilleduperche.fr\/wp-content\/uploads\/2025\/07\/AFFICHE-Ete-Supercheries-2025-web-RVB-724x1024.jpg\" class=\"attachment-large size-large wp-image-3924\" alt=\"\" srcset=\"https:\/\/loreilleduperche.fr\/wp-content\/uploads\/2025\/07\/AFFICHE-Ete-Supercheries-2025-web-RVB-724x1024.jpg 724w, https:\/\/loreilleduperche.fr\/wp-content\/uploads\/2025\/07\/AFFICHE-Ete-Supercheries-2025-web-RVB-212x300.jpg 212w, https:\/\/loreilleduperche.fr\/wp-content\/uploads\/2025\/07\/AFFICHE-Ete-Supercheries-2025-web-RVB-768x1086.jpg 768w, https:\/\/loreilleduperche.fr\/wp-content\/uploads\/2025\/07\/AFFICHE-Ete-Supercheries-2025-web-RVB-1086x1536.jpg 1086w, https:\/\/loreilleduperche.fr\/wp-content\/uploads\/2025\/07\/AFFICHE-Ete-Supercheries-2025-web-RVB-1448x2048.jpg 1448w, https:\/\/loreilleduperche.fr\/wp-content\/uploads\/2025\/07\/AFFICHE-Ete-Supercheries-2025-web-RVB.jpg 1575w\" sizes=\"(max-width: 724px) 100vw, 724px\" \/>\t\t\t\t\t\t\t\t\t\t\t\t\t\t\t<\/div>\n\t\t\t\t<\/div>\n\t\t\t\t\t<\/div>\n\t\t\t\t<\/div>\n\t\t<div class=\"elementor-element elementor-element-7653e7c e-flex e-con-boxed e-con e-parent\" data-id=\"7653e7c\" data-element_type=\"container\" data-e-type=\"container\">\n\t\t\t\t\t<div class=\"e-con-inner\">\n\t\t\t\t<div class=\"elementor-element elementor-element-4935e8a elementor-widget elementor-widget-heading\" data-id=\"4935e8a\" data-element_type=\"widget\" data-e-type=\"widget\" data-widget_type=\"heading.default\">\n\t\t\t\t<div class=\"elementor-widget-container\">\n\t\t\t\t\t<h2 class=\"elementor-heading-title elementor-size-default\">Un esprit festif et accessible<\/h2>\t\t\t\t<\/div>\n\t\t\t\t<\/div>\n\t\t\t\t<div class=\"elementor-element elementor-element-9b25a1b elementor-widget elementor-widget-text-editor\" data-id=\"9b25a1b\" data-element_type=\"widget\" data-e-type=\"widget\" data-widget_type=\"text-editor.default\">\n\t\t\t\t<div class=\"elementor-widget-container\">\n\t\t\t\t\t\t\t\t\t<p class=\"my-0\">Les SuPercheries d\u2019\u00c9t\u00e9 d\u00e9fendent une vision ouverte de la culture\u202f: les propositions sont accessibles \u00e0 tous, petits et grands, connaisseurs ou n\u00e9ophytes. Le festival favorise la proximit\u00e9 avec les artistes, encourage la d\u00e9couverte et le dialogue, et fait de chaque soir\u00e9e un moment de f\u00eate et de partage.<\/p>\t\t\t\t\t\t\t\t<\/div>\n\t\t\t\t<\/div>\n\t\t\t\t\t<\/div>\n\t\t\t\t<\/div>\n\t\t<div class=\"elementor-element elementor-element-f20aff9 e-flex e-con-boxed e-con e-parent\" data-id=\"f20aff9\" data-element_type=\"container\" data-e-type=\"container\">\n\t\t\t\t\t<div class=\"e-con-inner\">\n\t\t\t\t<div class=\"elementor-element elementor-element-23c8ba2 elementor-widget elementor-widget-text-editor\" data-id=\"23c8ba2\" data-element_type=\"widget\" data-e-type=\"widget\" data-widget_type=\"text-editor.default\">\n\t\t\t\t<div class=\"elementor-widget-container\">\n\t\t\t\t\t\t\t\t\t<p><strong>Vendredi 1er ao\u00fbt \u2014 Nogent-le-Rotrou<\/strong><br \/><em>18h, \u00c9glise Saint-Hilaire<\/em><br \/>Concert gratuit, tout public<br \/>La Guilde des Mercenaires \/ Ciel e Terra<br \/>Musique italienne du XVIIe si\u00e8cle, autour du cornet \u00e0 bouquin.<br \/><em>21h, Abbaye Saint Denis<\/em><br \/>10\u20ac\/15\u20ac<br \/>Stradivaria \/ S\u00e9r\u00e9nades d\u2019\u00e9t\u00e9<br \/>Octuor \u00e0 vents de Mozart.<\/p>\n<p><strong>Samedi 2 ao\u00fbt \u2014 Nogent-le-Rotrou<\/strong><br \/><em>10h45, Mairie<\/em><br \/>Concert \u00d4 March\u00e9, gratuit<br \/>Artemisia (Caroline Arnaud, soprano &amp; \u00c9tienne Galletier, th\u00e9orbe)<br \/>Musique italienne du XVIIe si\u00e8cle.<br \/><em>15h, Th\u00e9\u00e2tre Buissonnier<\/em><br \/>Gratuit<br \/>Bach sous les Tilleuls \/ Cl\u00e9ment Geoffroy &amp; Loris Barrucand<br \/>Duos de clavecins.<br \/><em>18h, Salle Simone Signoret<\/em><br \/>10\u20ac\/15\u20ac<br \/>The Curious Bards \/ Sublimation<br \/>Musique baroque su\u00e9doise et norv\u00e9gienne du XVIIe si\u00e8cle.<br \/><em>21h, Abbaye Saint Denis<\/em><br \/>Gratuit<br \/>Alkymia \/ Sucreries<br \/>Bal bolivien (chants et danses du XVIe si\u00e8cle \u00e0 nos jours).<\/p>\n<p><br \/><strong>Dimanche 3 ao\u00fbt \u2014 Thiron-<em>Gardais &amp; Nogent-le-Rotrou<\/em><\/strong><br \/><em>15h, Abbatiale de Thiron Gardais<\/em><br \/>10\u20ac\/15\u20ac<br \/>L\u2019Escadron Volant de la Reine \/ Christine de Su\u00e8de, Liberata<br \/>Musique baroque italienne du XVIIe si\u00e8cle (9 voix, instruments et chant).<br \/><em>18h, Th\u00e9\u00e2tre Buissonnier<\/em> (Nogent-le-Rotrou)<br \/>Concert ap\u00e9ro gratuit<br \/>Lia Naviliat Cuncic \/ Como una Flor Sin Raices<br \/>Chansons actuelles sud-am\u00e9ricaines.<\/p>\t\t\t\t\t\t\t\t<\/div>\n\t\t\t\t<\/div>\n\t\t\t\t\t<\/div>\n\t\t\t\t<\/div>\n\t\t\t\t<\/div>\n\t\t","protected":false},"excerpt":{"rendered":"<p>Les SuPercheries d\u2019\u00c9t\u00e9 : un festival musical \u00e9clectique au c\u0153ur du Perche<br \/>\nCet \u00e9t\u00e9, le Perche vibre au rythme des SuPercheries d\u2019\u00c9t\u00e9, un festival pas comme les autres qui invite \u00e0 la d\u00e9couverte et \u00e0 la curiosit\u00e9. Du 1er au 3 ao\u00fbt 2025, laissez-vous surprendre par une programmation audacieuse m\u00ealant musique baroque, musiques du monde et cr\u00e9ations insolites, dans des lieux patrimoniaux et atypiques de la r\u00e9gion.<\/p>\n","protected":false},"author":1,"featured_media":3884,"comment_status":"open","ping_status":"open","sticky":false,"template":"","format":"standard","meta":{"footnotes":""},"categories":[1],"tags":[],"class_list":["post-3882","post","type-post","status-publish","format-standard","has-post-thumbnail","hentry","category-non-classe"],"_links":{"self":[{"href":"http:\/\/loreilleduperche.fr\/index.php?rest_route=\/wp\/v2\/posts\/3882","targetHints":{"allow":["GET"]}}],"collection":[{"href":"http:\/\/loreilleduperche.fr\/index.php?rest_route=\/wp\/v2\/posts"}],"about":[{"href":"http:\/\/loreilleduperche.fr\/index.php?rest_route=\/wp\/v2\/types\/post"}],"author":[{"embeddable":true,"href":"http:\/\/loreilleduperche.fr\/index.php?rest_route=\/wp\/v2\/users\/1"}],"replies":[{"embeddable":true,"href":"http:\/\/loreilleduperche.fr\/index.php?rest_route=%2Fwp%2Fv2%2Fcomments&post=3882"}],"version-history":[{"count":11,"href":"http:\/\/loreilleduperche.fr\/index.php?rest_route=\/wp\/v2\/posts\/3882\/revisions"}],"predecessor-version":[{"id":3927,"href":"http:\/\/loreilleduperche.fr\/index.php?rest_route=\/wp\/v2\/posts\/3882\/revisions\/3927"}],"wp:featuredmedia":[{"embeddable":true,"href":"http:\/\/loreilleduperche.fr\/index.php?rest_route=\/wp\/v2\/media\/3884"}],"wp:attachment":[{"href":"http:\/\/loreilleduperche.fr\/index.php?rest_route=%2Fwp%2Fv2%2Fmedia&parent=3882"}],"wp:term":[{"taxonomy":"category","embeddable":true,"href":"http:\/\/loreilleduperche.fr\/index.php?rest_route=%2Fwp%2Fv2%2Fcategories&post=3882"},{"taxonomy":"post_tag","embeddable":true,"href":"http:\/\/loreilleduperche.fr\/index.php?rest_route=%2Fwp%2Fv2%2Ftags&post=3882"}],"curies":[{"name":"wp","href":"https:\/\/api.w.org\/{rel}","templated":true}]}}