{"id":3873,"date":"2025-06-10T15:57:17","date_gmt":"2025-06-10T13:57:17","guid":{"rendered":"http:\/\/loreilleduperche.fr\/?p=3873"},"modified":"2025-06-11T08:20:06","modified_gmt":"2025-06-11T06:20:06","slug":"deux-festivals-le-perche-celebre-la-musique-sous-toutes-ses-formes","status":"publish","type":"post","link":"http:\/\/loreilleduperche.fr\/?p=3873","title":{"rendered":"Deux festivals : le Perche c\u00e9l\u00e8bre la musique sous toutes ses formes"},"content":{"rendered":"\t\t<div data-elementor-type=\"wp-post\" data-elementor-id=\"3873\" class=\"elementor elementor-3873\" data-elementor-post-type=\"post\">\n\t\t\t\t<div class=\"elementor-element elementor-element-9f06eb9 e-flex e-con-boxed e-con e-parent\" data-id=\"9f06eb9\" data-element_type=\"container\" data-e-type=\"container\">\n\t\t\t\t\t<div class=\"e-con-inner\">\n\t\t\t\t<div class=\"elementor-element elementor-element-7ff52cb elementor-widget elementor-widget-heading\" data-id=\"7ff52cb\" data-element_type=\"widget\" data-e-type=\"widget\" data-widget_type=\"heading.default\">\n\t\t\t\t<div class=\"elementor-widget-container\">\n\t\t\t\t\t<h2 class=\"elementor-heading-title elementor-size-default\">Les Musicales de Mortagne\u202f: l\u2019art du souffle et du patrimoine<\/h2>\t\t\t\t<\/div>\n\t\t\t\t<\/div>\n\t\t\t\t<div class=\"elementor-element elementor-element-53897cc elementor-widget elementor-widget-text-editor\" data-id=\"53897cc\" data-element_type=\"widget\" data-e-type=\"widget\" data-widget_type=\"text-editor.default\">\n\t\t\t\t<div class=\"elementor-widget-container\">\n\t\t\t\t\t\t\t\t\t<p class=\"my-0\">Du 21 juin au 6 juillet 2025, la 39\u1d49 \u00e9dition <a href=\"https:\/\/musicalesdemortagne.fr\/\" target=\"_blank\" rel=\"noopener\">des Musicales de Mortagne et du Perche<\/a> mettra \u00e0 l\u2019honneur les instruments \u00e0 vent, v\u00e9ritables fils conducteurs d\u2019une programmation \u00e9clectique et exigeante. Fl\u00fbte, hautbois, clarinette, cor, sacqueboute, trompette m\u00e9di\u00e9vale\u2026 chaque concert sera l\u2019occasion de d\u00e9couvrir ou red\u00e9couvrir la richesse sonore de ces instruments, \u00e0 travers des \u0153uvres baroques, classiques, romantiques ou contemporaines.<\/p>\n<p class=\"my-0\">Cr\u00e9\u00e9 en 1979, ce festival s\u2019est impos\u00e9 comme un rendez-vous musical majeur, accueillant chaque ann\u00e9e les meilleurs solistes et ensembles dans des lieux patrimoniaux d\u2019exception\u202f: \u00e9glises, chapelles, manoirs et villages pittoresques du Perche. L\u2019\u00e9dition 2025 promet six rencontres musicales d\u2019exception, avec notamment l\u2019Ensemble Ouranos (quintette \u00e0 vent), le corniste Herv\u00e9 Joulain, le clarinettiste Rapha\u00ebl S\u00e9v\u00e8re, le fl\u00fbtiste Thomaz Tavares, le hautbo\u00efste Gabriel Pidoux et l\u2019ensemble vocal Irini accompagn\u00e9 d\u2019instruments \u00e0 vent m\u00e9di\u00e9vaux.<br \/>Un festival qui conjugue exigence artistique et d\u00e9couverte du patrimoine, pour tous les amateurs de musique et de d\u00e9couverte.<\/p>\t\t\t\t\t\t\t\t<\/div>\n\t\t\t\t<\/div>\n\t\t\t\t\t<\/div>\n\t\t\t\t<\/div>\n\t\t<div class=\"elementor-element elementor-element-739223b e-flex e-con-boxed e-con e-parent\" data-id=\"739223b\" data-element_type=\"container\" data-e-type=\"container\" data-settings=\"{&quot;background_background&quot;:&quot;classic&quot;}\">\n\t\t\t\t\t<div class=\"e-con-inner\">\n\t\t\t\t<div class=\"elementor-element elementor-element-cee3d34 elementor-widget elementor-widget-heading\" data-id=\"cee3d34\" data-element_type=\"widget\" data-e-type=\"widget\" data-widget_type=\"heading.default\">\n\t\t\t\t<div class=\"elementor-widget-container\">\n\t\t\t\t\t<h2 class=\"elementor-heading-title elementor-size-default\">Le Perche, terre de musique et de rencontres<\/h2>\t\t\t\t<\/div>\n\t\t\t\t<\/div>\n\t\t\t\t<div class=\"elementor-element elementor-element-c944dee elementor-widget elementor-widget-text-editor\" data-id=\"c944dee\" data-element_type=\"widget\" data-e-type=\"widget\" data-widget_type=\"text-editor.default\">\n\t\t\t\t<div class=\"elementor-widget-container\">\n\t\t\t\t\t\t\t\t\t<p><strong>Qu\u2019il s\u2019agisse de la d\u00e9licatesse d\u2019un quintette \u00e0 vent dans une \u00e9glise s\u00e9culaire ou de la fi\u00e8vre d\u2019une milonga sous les lampions, le Perche affirme son identit\u00e9 de terre d\u2019accueil et de cr\u00e9ativit\u00e9. Les Musicales de Mortagne et Buenos Aires en Perche t\u00e9moignent de la vitalit\u00e9 culturelle du territoire et invitent chacun \u00e0 se laisser surprendre, \u00e9mouvoir et rassembler autour de la musique<\/strong><\/p>\t\t\t\t\t\t\t\t<\/div>\n\t\t\t\t<\/div>\n\t\t\t\t\t<\/div>\n\t\t\t\t<\/div>\n\t\t<div class=\"elementor-element elementor-element-943dd35 e-flex e-con-boxed e-con e-parent\" data-id=\"943dd35\" data-element_type=\"container\" data-e-type=\"container\">\n\t\t\t\t\t<div class=\"e-con-inner\">\n\t\t\t\t<div class=\"elementor-element elementor-element-63d33a0 elementor-widget elementor-widget-heading\" data-id=\"63d33a0\" data-element_type=\"widget\" data-e-type=\"widget\" data-widget_type=\"heading.default\">\n\t\t\t\t<div class=\"elementor-widget-container\">\n\t\t\t\t\t<h2 class=\"elementor-heading-title elementor-size-default\">Buenos Aires en Perche\u202f: le tango fait vibrer R\u00e9malard<\/h2>\t\t\t\t<\/div>\n\t\t\t\t<\/div>\n\t\t\t\t<div class=\"elementor-element elementor-element-87765c3 elementor-widget elementor-widget-text-editor\" data-id=\"87765c3\" data-element_type=\"widget\" data-e-type=\"widget\" data-widget_type=\"text-editor.default\">\n\t\t\t\t<div class=\"elementor-widget-container\">\n\t\t\t\t\t\t\t\t\t<p class=\"my-0\">Les 14 et 15 juin, place \u00e0 la passion et \u00e0 la f\u00eate avec le festival de printemps de\u00a0<a href=\"https:\/\/www.buenosairesenperche.com\/\" target=\"_blank\" rel=\"noopener\"> Buenos Aires en Perche<\/a>\u202f! Depuis 2019, R\u00e9malard-en-Perche se transforme chaque septembre en capitale r\u00e9gionale du tango. Ce festival populaire et ouvert \u00e0 tous accueille danseurs confirm\u00e9s, curieux et amoureux de la culture argentine pour une immersion totale dans l\u2019univers du tango, reconnu Patrimoine culturel immat\u00e9riel de l\u2019Humanit\u00e9 par l\u2019UNESCO.<br \/>Au programme\u202f: cours et masterclass avec des maestros de renomm\u00e9e internationale, ateliers, d\u00e9monstrations, concerts, bals et milongas. Buenos Aires en Perche, c\u2019est l\u2019occasion de d\u00e9couvrir la richesse et la po\u00e9sie du tango, danse d\u2019improvisation et art de vivre, mais aussi de partager des moments chaleureux et festifs, au rythme de l\u2019abrazo et de la musique envo\u00fbtante.<br \/>Un rendez-vous unique pour tous ceux qui souhaitent faire un pas de c\u00f4t\u00e9, s\u2019initier ou se perfectionner, et vibrer au son du tango dans une ambiance conviviale et interg\u00e9n\u00e9rationnelle.<\/p>\t\t\t\t\t\t\t\t<\/div>\n\t\t\t\t<\/div>\n\t\t\t\t\t<\/div>\n\t\t\t\t<\/div>\n\t\t\t\t<\/div>\n\t\t","protected":false},"excerpt":{"rendered":"<p>\u00c0 l\u2019arriv\u00e9e de l\u2019\u00e9t\u00e9, le Perche devient le th\u00e9\u00e2tre de deux \u00e9v\u00e9nements musicaux incontournables, chacun \u00e0 sa mani\u00e8re c\u00e9l\u00e9brant la diversit\u00e9, la convivialit\u00e9 et l\u2019excellence artistique. Que vous soyez amateur de musique de chambre raffin\u00e9e ou passionn\u00e9 de tango argentin, le territoire vous invite \u00e0 vivre des exp\u00e9riences uniques avec Les Musicales de Mortagne et du Perche et Buenos Aires en Perche.<\/p>\n","protected":false},"author":1,"featured_media":3899,"comment_status":"open","ping_status":"open","sticky":false,"template":"","format":"standard","meta":{"footnotes":""},"categories":[1],"tags":[],"class_list":["post-3873","post","type-post","status-publish","format-standard","has-post-thumbnail","hentry","category-non-classe"],"_links":{"self":[{"href":"http:\/\/loreilleduperche.fr\/index.php?rest_route=\/wp\/v2\/posts\/3873","targetHints":{"allow":["GET"]}}],"collection":[{"href":"http:\/\/loreilleduperche.fr\/index.php?rest_route=\/wp\/v2\/posts"}],"about":[{"href":"http:\/\/loreilleduperche.fr\/index.php?rest_route=\/wp\/v2\/types\/post"}],"author":[{"embeddable":true,"href":"http:\/\/loreilleduperche.fr\/index.php?rest_route=\/wp\/v2\/users\/1"}],"replies":[{"embeddable":true,"href":"http:\/\/loreilleduperche.fr\/index.php?rest_route=%2Fwp%2Fv2%2Fcomments&post=3873"}],"version-history":[{"count":14,"href":"http:\/\/loreilleduperche.fr\/index.php?rest_route=\/wp\/v2\/posts\/3873\/revisions"}],"predecessor-version":[{"id":3905,"href":"http:\/\/loreilleduperche.fr\/index.php?rest_route=\/wp\/v2\/posts\/3873\/revisions\/3905"}],"wp:featuredmedia":[{"embeddable":true,"href":"http:\/\/loreilleduperche.fr\/index.php?rest_route=\/wp\/v2\/media\/3899"}],"wp:attachment":[{"href":"http:\/\/loreilleduperche.fr\/index.php?rest_route=%2Fwp%2Fv2%2Fmedia&parent=3873"}],"wp:term":[{"taxonomy":"category","embeddable":true,"href":"http:\/\/loreilleduperche.fr\/index.php?rest_route=%2Fwp%2Fv2%2Fcategories&post=3873"},{"taxonomy":"post_tag","embeddable":true,"href":"http:\/\/loreilleduperche.fr\/index.php?rest_route=%2Fwp%2Fv2%2Ftags&post=3873"}],"curies":[{"name":"wp","href":"https:\/\/api.w.org\/{rel}","templated":true}]}}