{"id":3863,"date":"2025-06-26T15:33:00","date_gmt":"2025-06-26T13:33:00","guid":{"rendered":"http:\/\/loreilleduperche.fr\/?p=3863"},"modified":"2025-06-04T15:39:47","modified_gmt":"2025-06-04T13:39:47","slug":"superklang-lart-du-duo-acrobatique-et-inventif","status":"publish","type":"post","link":"http:\/\/loreilleduperche.fr\/?p=3863","title":{"rendered":"Superklang : L\u2019art du duo acrobatique et inventif"},"content":{"rendered":"\t\t<div data-elementor-type=\"wp-post\" data-elementor-id=\"3863\" class=\"elementor elementor-3863\" data-elementor-post-type=\"post\">\n\t\t\t\t<div class=\"elementor-element elementor-element-d605d05 e-flex e-con-boxed e-con e-parent\" data-id=\"d605d05\" data-element_type=\"container\" data-e-type=\"container\">\n\t\t\t\t\t<div class=\"e-con-inner\">\n\t\t\t\t<div class=\"elementor-element elementor-element-c66d603 elementor-widget elementor-widget-text-editor\" data-id=\"c66d603\" data-element_type=\"widget\" data-e-type=\"widget\" data-widget_type=\"text-editor.default\">\n\t\t\t\t<div class=\"elementor-widget-container\">\n\t\t\t\t\t\t\t\t\t<p class=\"my-0\"><strong>Superklang<\/strong>, c\u2019est la rencontre jubilatoire de deux musiciens hors-normes : Fr\u00e9d\u00e9ric Aurier (violon, nyckelharpa, voix) et Sylvain Lem\u00eatre (percussions, zarb, voix). Ensemble, ils forment un duo inclassable, \u00e0 la crois\u00e9e de la musique contemporaine, des traditions populaires et de l\u2019improvisation la plus d\u00e9brid\u00e9e. Sur sc\u00e8ne, ils inventent un langage sonore singulier, fait de virtuosit\u00e9, de complicit\u00e9 et d\u2019humour, o\u00f9 chaque concert devient une aventure sensorielle et th\u00e9\u00e2trale.<\/p>\t\t\t\t\t\t\t\t<\/div>\n\t\t\t\t<\/div>\n\t\t\t\t\t<\/div>\n\t\t\t\t<\/div>\n\t\t<div class=\"elementor-element elementor-element-7ee407c e-flex e-con-boxed e-con e-parent\" data-id=\"7ee407c\" data-element_type=\"container\" data-e-type=\"container\">\n\t\t\t\t\t<div class=\"e-con-inner\">\n\t\t\t\t<div class=\"elementor-element elementor-element-cdbc86e elementor-widget elementor-widget-heading\" data-id=\"cdbc86e\" data-element_type=\"widget\" data-e-type=\"widget\" data-widget_type=\"heading.default\">\n\t\t\t\t<div class=\"elementor-widget-container\">\n\t\t\t\t\t<h2 class=\"elementor-heading-title elementor-size-default\">Un duo, mille sons<\/h2>\t\t\t\t<\/div>\n\t\t\t\t<\/div>\n\t\t\t\t<div class=\"elementor-element elementor-element-eee76e1 elementor-widget elementor-widget-text-editor\" data-id=\"eee76e1\" data-element_type=\"widget\" data-e-type=\"widget\" data-widget_type=\"text-editor.default\">\n\t\t\t\t<div class=\"elementor-widget-container\">\n\t\t\t\t\t\t\t\t\t<p class=\"my-0\">Superklang, c\u2019est d\u2019abord l\u2019histoire d\u2019une amiti\u00e9 musicale de longue date. Les deux artistes, issus de parcours riches et vari\u00e9s, partagent le go\u00fbt de l\u2019exploration et de la surprise. Fr\u00e9d\u00e9ric Aurier, membre du Quatuor B\u00e9la, navigue avec aisance entre r\u00e9pertoire classique, musiques traditionnelles et improvisation ; Sylvain Lem\u00eatre, percussionniste virtuose, multiplie les exp\u00e9riences du contemporain \u00e0 la pop, en passant par le jazz et le th\u00e9\u00e2tre musical. Ensemble, ils d\u00e9tournent les instruments et les objets du quotidien pour cr\u00e9er des paysages sonores in\u00e9dits\u202f: cloches, boulons, tiges filet\u00e9es, bols, assiettes, tout devient pr\u00e9texte \u00e0 invention.<\/p><p class=\"my-0\">Leur r\u00e9pertoire, en perp\u00e9tuelle \u00e9volution, alterne pi\u00e8ces \u00e9crites, improvisations, danses imaginaires et miniatures sonores. La mise en sc\u00e8ne, pr\u00e9cise et ludique, fait de chaque concert un spectacle total o\u00f9 l\u2019humour et la po\u00e9sie s\u2019invitent \u00e0 chaque instant. Superklang, c\u2019est l\u2019art de \u00ab marcher sur un fil pour deux \u00bb, un \u00e9quilibre subtil entre rigueur et fantaisie, tradition et modernit\u00e9.<\/p>\t\t\t\t\t\t\t\t<\/div>\n\t\t\t\t<\/div>\n\t\t\t\t\t<\/div>\n\t\t\t\t<\/div>\n\t\t<div class=\"elementor-element elementor-element-8ed11e1 e-flex e-con-boxed e-con e-parent\" data-id=\"8ed11e1\" data-element_type=\"container\" data-e-type=\"container\">\n\t\t\t\t\t<div class=\"e-con-inner\">\n\t\t\t\t<div class=\"elementor-element elementor-element-f2ec595 elementor-widget elementor-widget-heading\" data-id=\"f2ec595\" data-element_type=\"widget\" data-e-type=\"widget\" data-widget_type=\"heading.default\">\n\t\t\t\t<div class=\"elementor-widget-container\">\n\t\t\t\t\t<h2 class=\"elementor-heading-title elementor-size-default\">La presse en parle<\/h2>\t\t\t\t<\/div>\n\t\t\t\t<\/div>\n\t\t\t\t<div class=\"elementor-element elementor-element-5d19dc4 elementor-blockquote--skin-border elementor-widget elementor-widget-blockquote\" data-id=\"5d19dc4\" data-element_type=\"widget\" data-e-type=\"widget\" data-widget_type=\"blockquote.default\">\n\t\t\t\t<div class=\"elementor-widget-container\">\n\t\t\t\t\t\t\t<blockquote class=\"elementor-blockquote\">\n\t\t\t<p class=\"elementor-blockquote__content\">\n\t\t\t\t\n\u00ab On conna\u00eet la gourmandise musicale de ces deux comp\u00e8res qui inventent de la musique ensemble depuis plus de 15 ans. Fr\u00e9d\u00e9ric Aurier est violoniste dans le tr\u00e8s s\u00e9rieux mais intr\u00e9pide quatuor B\u00e9la (du r\u00e9pertoire classique \u00e0 Albert Marc\u0153ur en passant par le collectif Coax). Sylvain Lem\u00eatre est le digne h\u00e9ritier de Jean-Pierre Drouet, passant de la pr\u00e9cision horlog\u00e8re des musiques \u00e9crites \u00e0 l\u2019improvisation cr\u00e9ative (Marc Ducret, Magnetic Ensemble, Alexandra Grimal...). Curieux duo penserez-vous ? Un duo pour curieux assur\u00e9ment, pour une escapade dans des espaces musicaux insolites et composites entre musiques anciennes, traditionnelles et contemporaines. C\u2019est toujours joyeux et fascinant. C\u2019est captivant et g\u00e9nial, disons-le ! \u00bb\t\t\t<\/p>\n\t\t\t\t\t\t\t<div class=\"e-q-footer\">\n\t\t\t\t\t\t\t\t\t\t\t<cite class=\"elementor-blockquote__author\">Culture Jazz<\/cite>\n\t\t\t\t\t\t\t\t\t\t\t\t\t\t<\/div>\n\t\t\t\t\t<\/blockquote>\n\t\t\t\t\t\t<\/div>\n\t\t\t\t<\/div>\n\t\t\t\t<div class=\"elementor-element elementor-element-9dd5be2 elementor-blockquote--skin-border elementor-widget elementor-widget-blockquote\" data-id=\"9dd5be2\" data-element_type=\"widget\" data-e-type=\"widget\" data-widget_type=\"blockquote.default\">\n\t\t\t\t<div class=\"elementor-widget-container\">\n\t\t\t\t\t\t\t<blockquote class=\"elementor-blockquote\">\n\t\t\t<p class=\"elementor-blockquote__content\">\n\t\t\t\t\u00ab Super Klang ou l\u2019art de marcher sur un fil pour deux. Sylvain Lem\u00eatre dispose d\u2019un set spectaculaire de percussions, alliant les cloches aux boulons et autres tiges filet\u00e9es. Aux pieds, des p\u00e9dales qu\u2019il ma\u00eetrise au point qu\u2019on croirait qu\u2019il fait tourner des boucles sonores. Au violon comme au nyckelharpa, Fr\u00e9d\u00e9ric Aurier tisse les fils des aventures savantes du duo. Acrobatique et magnifique. \u00bb\t\t\t<\/p>\n\t\t\t\t\t\t\t<div class=\"e-q-footer\">\n\t\t\t\t\t\t\t\t\t\t\t<cite class=\"elementor-blockquote__author\">Citizen Jazz<\/cite>\n\t\t\t\t\t\t\t\t\t\t\t\t\t\t<\/div>\n\t\t\t\t\t<\/blockquote>\n\t\t\t\t\t\t<\/div>\n\t\t\t\t<\/div>\n\t\t\t\t<div class=\"elementor-element elementor-element-3d89ba1 elementor-blockquote--skin-border elementor-widget elementor-widget-blockquote\" data-id=\"3d89ba1\" data-element_type=\"widget\" data-e-type=\"widget\" data-widget_type=\"blockquote.default\">\n\t\t\t\t<div class=\"elementor-widget-container\">\n\t\t\t\t\t\t\t<blockquote class=\"elementor-blockquote\">\n\t\t\t<p class=\"elementor-blockquote__content\">\n\t\t\t\t\u00ab Un dr\u00f4le de duo qui fait \u201cKlang\u201d et beaucoup d\u2019autres sons\u2026 Tout rel\u00e8ve dans leur d\u00e9placement d\u2019une pr\u00e9cise mise en sc\u00e8ne, chaque nouveau morceau n\u00e9cessitant de redisposer l\u2019espace des percussions\u2026 Aurier n\u2019est pas en reste qui use du violon avec des gestes de violoneux imaginaire et d\u2019interpr\u00e8te de Bart\u00f3k et Ligeti, rempla\u00e7ant l\u2019instrument ici et l\u00e0 par la vi\u00e8le \u00e0 archet su\u00e9doise, le nyckelharpa\u2026 On retrouve l\u00e0 l\u2019humour et le th\u00e9\u00e2tre, \u00e9galement millim\u00e9tr\u00e9 et pince sans rire, avec quelque chose qui tient de la rencontre entre le clown Grock et Maurizio Kagel. Triomphe \u00e0 l\u2019applaudim\u00e8tre de 7 \u00e0 77 ans. \u00bb\t\t\t<\/p>\n\t\t\t\t\t\t\t<div class=\"e-q-footer\">\n\t\t\t\t\t\t\t\t\t\t\t<cite class=\"elementor-blockquote__author\">Jazz Magazine<\/cite>\n\t\t\t\t\t\t\t\t\t\t\t\t\t\t<\/div>\n\t\t\t\t\t<\/blockquote>\n\t\t\t\t\t\t<\/div>\n\t\t\t\t<\/div>\n\t\t\t\t\t<\/div>\n\t\t\t\t<\/div>\n\t\t\t\t<\/div>\n\t\t","protected":false},"excerpt":{"rendered":"<p>Avec Superklang, Fr\u00e9d\u00e9ric Aurier et Sylvain Lem\u00eatre r\u00e9inventent l\u2019art du duo en m\u00ealant virtuosit\u00e9, humour et inventivit\u00e9. Entre musiques traditionnelles, improvisation et th\u00e9\u00e2tre sonore, ils embarquent le public dans une aventure musicale singuli\u00e8re, salu\u00e9e par la presse pour sa cr\u00e9ativit\u00e9 et sa joie communicative.<\/p>\n","protected":false},"author":1,"featured_media":3687,"comment_status":"open","ping_status":"open","sticky":false,"template":"","format":"standard","meta":{"footnotes":""},"categories":[1],"tags":[],"class_list":["post-3863","post","type-post","status-publish","format-standard","has-post-thumbnail","hentry","category-non-classe"],"_links":{"self":[{"href":"http:\/\/loreilleduperche.fr\/index.php?rest_route=\/wp\/v2\/posts\/3863","targetHints":{"allow":["GET"]}}],"collection":[{"href":"http:\/\/loreilleduperche.fr\/index.php?rest_route=\/wp\/v2\/posts"}],"about":[{"href":"http:\/\/loreilleduperche.fr\/index.php?rest_route=\/wp\/v2\/types\/post"}],"author":[{"embeddable":true,"href":"http:\/\/loreilleduperche.fr\/index.php?rest_route=\/wp\/v2\/users\/1"}],"replies":[{"embeddable":true,"href":"http:\/\/loreilleduperche.fr\/index.php?rest_route=%2Fwp%2Fv2%2Fcomments&post=3863"}],"version-history":[{"count":4,"href":"http:\/\/loreilleduperche.fr\/index.php?rest_route=\/wp\/v2\/posts\/3863\/revisions"}],"predecessor-version":[{"id":3867,"href":"http:\/\/loreilleduperche.fr\/index.php?rest_route=\/wp\/v2\/posts\/3863\/revisions\/3867"}],"wp:featuredmedia":[{"embeddable":true,"href":"http:\/\/loreilleduperche.fr\/index.php?rest_route=\/wp\/v2\/media\/3687"}],"wp:attachment":[{"href":"http:\/\/loreilleduperche.fr\/index.php?rest_route=%2Fwp%2Fv2%2Fmedia&parent=3863"}],"wp:term":[{"taxonomy":"category","embeddable":true,"href":"http:\/\/loreilleduperche.fr\/index.php?rest_route=%2Fwp%2Fv2%2Fcategories&post=3863"},{"taxonomy":"post_tag","embeddable":true,"href":"http:\/\/loreilleduperche.fr\/index.php?rest_route=%2Fwp%2Fv2%2Ftags&post=3863"}],"curies":[{"name":"wp","href":"https:\/\/api.w.org\/{rel}","templated":true}]}}