{"id":3855,"date":"2025-06-18T15:07:50","date_gmt":"2025-06-18T13:07:50","guid":{"rendered":"http:\/\/loreilleduperche.fr\/?p=3855"},"modified":"2025-06-04T15:09:17","modified_gmt":"2025-06-04T13:09:17","slug":"andy-emler-presente-my-own-ravel-un-hommage-creatif-par-un-musicien-aux-mille-facettes","status":"publish","type":"post","link":"http:\/\/loreilleduperche.fr\/?p=3855","title":{"rendered":"Andy Emler pr\u00e9sente \u00ab My Own Ravel \u00bb : un hommage cr\u00e9atif par un musicien aux mille facettes"},"content":{"rendered":"\t\t<div data-elementor-type=\"wp-post\" data-elementor-id=\"3855\" class=\"elementor elementor-3855\" data-elementor-post-type=\"post\">\n\t\t\t\t<div class=\"elementor-element elementor-element-286d4ad e-flex e-con-boxed e-con e-parent\" data-id=\"286d4ad\" data-element_type=\"container\" data-e-type=\"container\">\n\t\t\t\t\t<div class=\"e-con-inner\">\n\t\t\t\t<div class=\"elementor-element elementor-element-38ce818 elementor-widget elementor-widget-heading\" data-id=\"38ce818\" data-element_type=\"widget\" data-e-type=\"widget\" data-widget_type=\"heading.default\">\n\t\t\t\t<div class=\"elementor-widget-container\">\n\t\t\t\t\t<h2 class=\"elementor-heading-title elementor-size-default\">Un parcours d\u2019exception<\/h2>\t\t\t\t<\/div>\n\t\t\t\t<\/div>\n\t\t\t\t<div class=\"elementor-element elementor-element-67cd414 elementor-widget elementor-widget-text-editor\" data-id=\"67cd414\" data-element_type=\"widget\" data-e-type=\"widget\" data-widget_type=\"text-editor.default\">\n\t\t\t\t<div class=\"elementor-widget-container\">\n\t\t\t\t\t\t\t\t\t<p class=\"my-0\">Form\u00e9 au Conservatoire National Sup\u00e9rieur de Musique de Paris, Andy Emler s\u2019est tr\u00e8s vite impos\u00e9 comme un cr\u00e9ateur audacieux et un musicien d\u2019une rare polyvalence. Fondateur du c\u00e9l\u00e8bre <strong>MegaOctet<\/strong>, il a su f\u00e9d\u00e9rer autour de lui des g\u00e9n\u00e9rations de musiciens, tout en multipliant les collaborations avec des artistes de tous horizons : jazz, musiques improvis\u00e9es, musique classique, chanson, th\u00e9\u00e2tre et cin\u00e9ma. Compositeur prolifique, il \u00e9crit aussi bien pour des orchestres symphoniques que pour des ensembles de jazz ou des solistes, et son catalogue compte aujourd\u2019hui plusieurs centaines d\u2019\u0153uvres.<\/p><p class=\"my-0\">P\u00e9dagogue reconnu, il transmet sa passion et son savoir \u00e0 travers masterclasses, ateliers et enseignements dans de nombreux conservatoires et institutions, en France et \u00e0 l\u2019international.<\/p>\t\t\t\t\t\t\t\t<\/div>\n\t\t\t\t<\/div>\n\t\t\t\t\t<\/div>\n\t\t\t\t<\/div>\n\t\t<div class=\"elementor-element elementor-element-5fa0a6e e-flex e-con-boxed e-con e-parent\" data-id=\"5fa0a6e\" data-element_type=\"container\" data-e-type=\"container\">\n\t\t\t\t\t<div class=\"e-con-inner\">\n\t\t\t\t<div class=\"elementor-element elementor-element-1521c40 elementor-widget elementor-widget-heading\" data-id=\"1521c40\" data-element_type=\"widget\" data-e-type=\"widget\" data-widget_type=\"heading.default\">\n\t\t\t\t<div class=\"elementor-widget-container\">\n\t\t\t\t\t<h2 class=\"elementor-heading-title elementor-size-default\">My Own Ravel : un projet personnel et lumineux<\/h2>\t\t\t\t<\/div>\n\t\t\t\t<\/div>\n\t\t\t\t<div class=\"elementor-element elementor-element-dddbabe elementor-widget elementor-widget-text-editor\" data-id=\"dddbabe\" data-element_type=\"widget\" data-e-type=\"widget\" data-widget_type=\"text-editor.default\">\n\t\t\t\t<div class=\"elementor-widget-container\">\n\t\t\t\t\t\t\t\t\t<p class=\"my-0\">Avec <strong>My Own Ravel<\/strong>, Andy Emler propose une relecture libre et inspir\u00e9e de l\u2019univers de Maurice Ravel, l\u2019un de ses compositeurs f\u00e9tiches. \u00c0 travers ce concert, il s\u2019approprie les couleurs, les rythmes et les harmonies rav\u00e9liens pour les faire dialoguer avec son propre langage, fait de groove, d\u2019invention m\u00e9lodique et de libert\u00e9 improvis\u00e9e.<\/p><p class=\"my-0\">Ce projet, n\u00e9 d\u2019une admiration profonde pour le ma\u00eetre impressionniste, est aussi une d\u00e9claration d\u2019amour \u00e0 la musique fran\u00e7aise et \u00e0 la cr\u00e9ativit\u00e9 sans fronti\u00e8res. Sur sc\u00e8ne, Andy Emler d\u00e9ploie toute la palette de son jeu pianistique, entre virtuosit\u00e9, po\u00e9sie et \u00e9nergie communicative, offrant au public une exp\u00e9rience musicale \u00e0 la fois intime et spectaculaire.<\/p>\t\t\t\t\t\t\t\t<\/div>\n\t\t\t\t<\/div>\n\t\t\t\t\t<\/div>\n\t\t\t\t<\/div>\n\t\t<div class=\"elementor-element elementor-element-819057d e-flex e-con-boxed e-con e-parent\" data-id=\"819057d\" data-element_type=\"container\" data-e-type=\"container\">\n\t\t\t\t\t<div class=\"e-con-inner\">\n\t\t\t\t<div class=\"elementor-element elementor-element-e6bec1d elementor-widget elementor-widget-video\" data-id=\"e6bec1d\" data-element_type=\"widget\" data-e-type=\"widget\" data-settings=\"{&quot;youtube_url&quot;:&quot;https:\\\/\\\/www.youtube.com\\\/watch?v=_6dn0CjG-mU&amp;pp=ygUXYW5keSBlbWxlciBteSBvd24gcmF2ZWw%3D&quot;,&quot;video_type&quot;:&quot;youtube&quot;,&quot;controls&quot;:&quot;yes&quot;}\" data-widget_type=\"video.default\">\n\t\t\t\t<div class=\"elementor-widget-container\">\n\t\t\t\t\t\t\t<div class=\"elementor-wrapper elementor-open-inline\">\n\t\t\t<div class=\"elementor-video\"><\/div>\t\t<\/div>\n\t\t\t\t\t\t<\/div>\n\t\t\t\t<\/div>\n\t\t\t\t<div class=\"elementor-element elementor-element-85b361c elementor-widget elementor-widget-heading\" data-id=\"85b361c\" data-element_type=\"widget\" data-e-type=\"widget\" data-widget_type=\"heading.default\">\n\t\t\t\t<div class=\"elementor-widget-container\">\n\t\t\t\t\t<h2 class=\"elementor-heading-title elementor-size-default\">Un artiste aux multiples casquettes<\/h2>\t\t\t\t<\/div>\n\t\t\t\t<\/div>\n\t\t\t\t<div class=\"elementor-element elementor-element-1bc6824 elementor-widget elementor-widget-text-editor\" data-id=\"1bc6824\" data-element_type=\"widget\" data-e-type=\"widget\" data-widget_type=\"text-editor.default\">\n\t\t\t\t<div class=\"elementor-widget-container\">\n\t\t\t\t\t\t\t\t\t<p class=\"my-0\">Andy Emler n\u2019est pas seulement un pianiste d\u2019exception. Il est aussi un <strong>compositeur visionnaire<\/strong>, un <strong>chef d\u2019orchestre inspirant<\/strong> et un <strong>passeur de savoir<\/strong> passionn\u00e9. Son engagement pour la cr\u00e9ation contemporaine, sa curiosit\u00e9 insatiable et sa g\u00e9n\u00e9rosit\u00e9 artistique font de lui l\u2019un des musiciens les plus respect\u00e9s et les plus inventifs de la sc\u00e8ne actuelle.<\/p><p class=\"my-0\">Que ce soit avec le MegaOctet, en trio, en duo, ou en solo comme pour \u00ab My Own Ravel \u00bb, Andy Emler surprend, bouleverse et enchante, toujours en qu\u00eate de nouveaux horizons \u00e0 explorer.<\/p>\t\t\t\t\t\t\t\t<\/div>\n\t\t\t\t<\/div>\n\t\t\t\t\t<\/div>\n\t\t\t\t<\/div>\n\t\t\t\t<\/div>\n\t\t","protected":false},"excerpt":{"rendered":"<p>Pianiste, compositeur, chef d\u2019orchestre, p\u00e9dagogue, explorateur sonore\u2026 Andy Emler est tout cela \u00e0 la fois, et bien plus encore. Figure incontournable du jazz europ\u00e9en, il n\u2019a de cesse, depuis plus de quarante ans, de repousser les fronti\u00e8res de la musique, de l\u2019improvisation \u00e0 la composition contemporaine, du solo intimiste aux grandes formations.<\/p>\n","protected":false},"author":1,"featured_media":3857,"comment_status":"open","ping_status":"open","sticky":false,"template":"","format":"standard","meta":{"footnotes":""},"categories":[1],"tags":[],"class_list":["post-3855","post","type-post","status-publish","format-standard","has-post-thumbnail","hentry","category-non-classe"],"_links":{"self":[{"href":"http:\/\/loreilleduperche.fr\/index.php?rest_route=\/wp\/v2\/posts\/3855","targetHints":{"allow":["GET"]}}],"collection":[{"href":"http:\/\/loreilleduperche.fr\/index.php?rest_route=\/wp\/v2\/posts"}],"about":[{"href":"http:\/\/loreilleduperche.fr\/index.php?rest_route=\/wp\/v2\/types\/post"}],"author":[{"embeddable":true,"href":"http:\/\/loreilleduperche.fr\/index.php?rest_route=\/wp\/v2\/users\/1"}],"replies":[{"embeddable":true,"href":"http:\/\/loreilleduperche.fr\/index.php?rest_route=%2Fwp%2Fv2%2Fcomments&post=3855"}],"version-history":[{"count":5,"href":"http:\/\/loreilleduperche.fr\/index.php?rest_route=\/wp\/v2\/posts\/3855\/revisions"}],"predecessor-version":[{"id":3862,"href":"http:\/\/loreilleduperche.fr\/index.php?rest_route=\/wp\/v2\/posts\/3855\/revisions\/3862"}],"wp:featuredmedia":[{"embeddable":true,"href":"http:\/\/loreilleduperche.fr\/index.php?rest_route=\/wp\/v2\/media\/3857"}],"wp:attachment":[{"href":"http:\/\/loreilleduperche.fr\/index.php?rest_route=%2Fwp%2Fv2%2Fmedia&parent=3855"}],"wp:term":[{"taxonomy":"category","embeddable":true,"href":"http:\/\/loreilleduperche.fr\/index.php?rest_route=%2Fwp%2Fv2%2Fcategories&post=3855"},{"taxonomy":"post_tag","embeddable":true,"href":"http:\/\/loreilleduperche.fr\/index.php?rest_route=%2Fwp%2Fv2%2Ftags&post=3855"}],"curies":[{"name":"wp","href":"https:\/\/api.w.org\/{rel}","templated":true}]}}