{"id":3504,"date":"2024-07-05T11:45:54","date_gmt":"2024-07-05T09:45:54","guid":{"rendered":"http:\/\/loreilleduperche.fr\/?p=3504"},"modified":"2024-07-05T11:46:24","modified_gmt":"2024-07-05T09:46:24","slug":"nairi-a-lorigine-des-mythologies-oubliees","status":"publish","type":"post","link":"http:\/\/loreilleduperche.fr\/?p=3504","title":{"rendered":"Na\u00efri \u00e0 l\u2019origine des mythologies oubli\u00e9es"},"content":{"rendered":"\t\t<div data-elementor-type=\"wp-post\" data-elementor-id=\"3504\" class=\"elementor elementor-3504\" data-elementor-post-type=\"post\">\n\t\t\t\t<div class=\"elementor-element elementor-element-3221347 e-flex e-con-boxed e-con e-parent\" data-id=\"3221347\" data-element_type=\"container\" data-e-type=\"container\">\n\t\t\t\t\t<div class=\"e-con-inner\">\n\t\t\t\t<div class=\"elementor-element elementor-element-2df45b7 elementor-widget elementor-widget-text-editor\" data-id=\"2df45b7\" data-element_type=\"widget\" data-e-type=\"widget\" data-widget_type=\"text-editor.default\">\n\t\t\t\t<div class=\"elementor-widget-container\">\n\t\t\t\t\t\t\t\t\t<p>\u00ab <em>Na\u00efri est le nom du territoire antique de l\u2019Arm\u00e9nie. J\u2019ai voulu l\u2019\u00e9voquer au travers de trois suites compos\u00e9es dans l\u2019esprit des r\u00e9cits que chantaient, d\u00e9clamaient et colportaient les A\u00e8des. Ces suites \u00e9voquent un imaginaire qui remonte \u00e0 la nuit des temps, \u00e0 l\u2019origine des mythologies oubli\u00e9es et pourtant toujours pr\u00e9sentes en nous. Compos\u00e9es pour une petite forme, je d\u00e9sirais collaborer avec des musiciens qui soient de v\u00e9ritables conteurs, ayant un lien fort \u00e0 leur culture et poss\u00e9dant une profondeur d\u2019expression propre \u00e0 la narration de ce projet. Et il m\u2019a sembl\u00e9 \u00e9vident de cr\u00e9er cette musique avec Catherine Delaunay et Pierrick Hardy.<\/em> \u00bb Claude Tchamitchian<\/p>\t\t\t\t\t\t\t\t<\/div>\n\t\t\t\t<\/div>\n\t\t<div class=\"elementor-element elementor-element-ba81781 e-flex e-con-boxed e-con e-child\" data-id=\"ba81781\" data-element_type=\"container\" data-e-type=\"container\">\n\t\t\t\t\t<div class=\"e-con-inner\">\n\t\t\t\t<div class=\"elementor-element elementor-element-a549576 elementor-widget elementor-widget-video\" data-id=\"a549576\" data-element_type=\"widget\" data-e-type=\"widget\" data-settings=\"{&quot;youtube_url&quot;:&quot;https:\\\/\\\/www.youtube.com\\\/watch?v=4QGloOKgjQw&quot;,&quot;video_type&quot;:&quot;youtube&quot;,&quot;controls&quot;:&quot;yes&quot;}\" data-widget_type=\"video.default\">\n\t\t\t\t<div class=\"elementor-widget-container\">\n\t\t\t\t\t\t\t<div class=\"elementor-wrapper elementor-open-inline\">\n\t\t\t<div class=\"elementor-video\"><\/div>\t\t<\/div>\n\t\t\t\t\t\t<\/div>\n\t\t\t\t<\/div>\n\t\t\t\t\t<\/div>\n\t\t\t\t<\/div>\n\t\t\t\t\t<\/div>\n\t\t\t\t<\/div>\n\t\t\t\t<\/div>\n\t\t","protected":false},"excerpt":{"rendered":"<p>Le trio imagin\u00e9 par Claude Tchamitchian \u00e9voque les r\u00e9cits des A\u00e8des.<\/p>\n","protected":false},"author":1,"featured_media":3506,"comment_status":"open","ping_status":"open","sticky":false,"template":"","format":"standard","meta":{"footnotes":""},"categories":[1],"tags":[],"class_list":["post-3504","post","type-post","status-publish","format-standard","has-post-thumbnail","hentry","category-non-classe"],"_links":{"self":[{"href":"http:\/\/loreilleduperche.fr\/index.php?rest_route=\/wp\/v2\/posts\/3504","targetHints":{"allow":["GET"]}}],"collection":[{"href":"http:\/\/loreilleduperche.fr\/index.php?rest_route=\/wp\/v2\/posts"}],"about":[{"href":"http:\/\/loreilleduperche.fr\/index.php?rest_route=\/wp\/v2\/types\/post"}],"author":[{"embeddable":true,"href":"http:\/\/loreilleduperche.fr\/index.php?rest_route=\/wp\/v2\/users\/1"}],"replies":[{"embeddable":true,"href":"http:\/\/loreilleduperche.fr\/index.php?rest_route=%2Fwp%2Fv2%2Fcomments&post=3504"}],"version-history":[{"count":4,"href":"http:\/\/loreilleduperche.fr\/index.php?rest_route=\/wp\/v2\/posts\/3504\/revisions"}],"predecessor-version":[{"id":3509,"href":"http:\/\/loreilleduperche.fr\/index.php?rest_route=\/wp\/v2\/posts\/3504\/revisions\/3509"}],"wp:featuredmedia":[{"embeddable":true,"href":"http:\/\/loreilleduperche.fr\/index.php?rest_route=\/wp\/v2\/media\/3506"}],"wp:attachment":[{"href":"http:\/\/loreilleduperche.fr\/index.php?rest_route=%2Fwp%2Fv2%2Fmedia&parent=3504"}],"wp:term":[{"taxonomy":"category","embeddable":true,"href":"http:\/\/loreilleduperche.fr\/index.php?rest_route=%2Fwp%2Fv2%2Fcategories&post=3504"},{"taxonomy":"post_tag","embeddable":true,"href":"http:\/\/loreilleduperche.fr\/index.php?rest_route=%2Fwp%2Fv2%2Ftags&post=3504"}],"curies":[{"name":"wp","href":"https:\/\/api.w.org\/{rel}","templated":true}]}}